{"id":5273,"date":"2023-12-23T12:34:31","date_gmt":"2023-12-23T11:34:31","guid":{"rendered":"https:\/\/ev-kirche-bieberstein-dipperz.de\/?p=5273"},"modified":"2023-12-23T12:34:31","modified_gmt":"2023-12-23T11:34:31","slug":"tuer-23-ein-blick-zurueck-und-zwei-nach-vorne","status":"publish","type":"post","link":"https:\/\/ev-kirche-bieberstein-dipperz.de\/?p=5273","title":{"rendered":"T\u00fcr 23 Ein Blick zur\u00fcck und zwei nach vorne"},"content":{"rendered":"<h2>T\u00fcr 23 Ein Blick zur\u00fcck und zwei nach vorne<\/h2>\n<div class=\"powerpress_player\" id=\"powerpress_player_4919\"><audio class=\"wp-audio-shortcode\" id=\"audio-5273-1\" preload=\"none\" style=\"width: 100%;\" controls=\"controls\"><source type=\"audio\/mpeg\" src=\"https:\/\/ev-kirche-bieberstein-dipperz.de\/wp-content\/uploads\/2023\/12\/Tuer-23-ein-Blick-zurueck-und-zwei-nach-vorne.mp3?_=1\" \/><a href=\"https:\/\/ev-kirche-bieberstein-dipperz.de\/wp-content\/uploads\/2023\/12\/Tuer-23-ein-Blick-zurueck-und-zwei-nach-vorne.mp3\">https:\/\/ev-kirche-bieberstein-dipperz.de\/wp-content\/uploads\/2023\/12\/Tuer-23-ein-Blick-zurueck-und-zwei-nach-vorne.mp3<\/a><\/audio><\/div><p class=\"powerpress_links powerpress_links_mp3\" style=\"margin-bottom: 1px !important;\">Podcast: <a href=\"https:\/\/ev-kirche-bieberstein-dipperz.de\/wp-content\/uploads\/2023\/12\/Tuer-23-ein-Blick-zurueck-und-zwei-nach-vorne.mp3\" class=\"powerpress_link_pinw\" target=\"_blank\" title=\"Play in new window\" onclick=\"return powerpress_pinw('https:\/\/ev-kirche-bieberstein-dipperz.de\/?powerpress_pinw=5273-podcast');\" rel=\"nofollow\">Play in new window<\/a> | <a href=\"https:\/\/ev-kirche-bieberstein-dipperz.de\/wp-content\/uploads\/2023\/12\/Tuer-23-ein-Blick-zurueck-und-zwei-nach-vorne.mp3\" class=\"powerpress_link_d\" title=\"Download\" rel=\"nofollow\" download=\"Tuer-23-ein-Blick-zurueck-und-zwei-nach-vorne.mp3\">Download<\/a><\/p><p class=\"powerpress_links powerpress_subscribe_links\">Subscribe: <a href=\"https:\/\/podcasts.apple.com\/de\/podcast\/podcast-der-ev-kirche-biebertsein-dipperz\/id1502845087?mt=2&amp;ls=1\" class=\"powerpress_link_subscribe powerpress_link_subscribe_itunes\" target=\"_blank\" title=\"Subscribe on Apple Podcasts\" rel=\"nofollow\">Apple Podcasts<\/a> | <a href=\"https:\/\/open.spotify.com\/show\/4XwFVVu3qPAhzNTxAGXhQo?si=7e883677e8234ab9\" class=\"powerpress_link_subscribe powerpress_link_subscribe_spotify\" target=\"_blank\" title=\"Subscribe on Spotify\" rel=\"nofollow\">Spotify<\/a> | <a href=\"https:\/\/music.amazon.de\/podcasts\/f4ca433e-930a-4082-a21f-bba8fd4abd97\/licht-f%C3%BCr-die-ohren\" class=\"powerpress_link_subscribe powerpress_link_subscribe_amazon\" target=\"_blank\" title=\"Subscribe on Amazon Music\" rel=\"nofollow\">Amazon Music<\/a> | <a href=\"https:\/\/ev-kirche-bieberstein-dipperz.de\/?feed=podcast\" class=\"powerpress_link_subscribe powerpress_link_subscribe_rss\" target=\"_blank\" title=\"Subscribe via RSS\" rel=\"nofollow\">RSS<\/a> | <a href=\"https:\/\/ev-kirche-bieberstein-dipperz.de\/?page_id=86\" class=\"powerpress_link_subscribe powerpress_link_subscribe_more\" target=\"_blank\" title=\"More\" rel=\"nofollow\">More<\/a><\/p>","protected":false},"excerpt":{"rendered":"<p>T\u00fcr 23 Ein Blick zur\u00fcck und zwei nach vorne<\/p>\n","protected":false},"author":2,"featured_media":0,"comment_status":"closed","ping_status":"closed","sticky":false,"template":"","format":"standard","meta":{"_crdt_document":"","footnotes":""},"categories":[7],"tags":[],"class_list":["post-5273","post","type-post","status-publish","format-standard","hentry","category-podcast"],"_links":{"self":[{"href":"https:\/\/ev-kirche-bieberstein-dipperz.de\/index.php?rest_route=\/wp\/v2\/posts\/5273","targetHints":{"allow":["GET"]}}],"collection":[{"href":"https:\/\/ev-kirche-bieberstein-dipperz.de\/index.php?rest_route=\/wp\/v2\/posts"}],"about":[{"href":"https:\/\/ev-kirche-bieberstein-dipperz.de\/index.php?rest_route=\/wp\/v2\/types\/post"}],"author":[{"embeddable":true,"href":"https:\/\/ev-kirche-bieberstein-dipperz.de\/index.php?rest_route=\/wp\/v2\/users\/2"}],"replies":[{"embeddable":true,"href":"https:\/\/ev-kirche-bieberstein-dipperz.de\/index.php?rest_route=%2Fwp%2Fv2%2Fcomments&post=5273"}],"version-history":[{"count":1,"href":"https:\/\/ev-kirche-bieberstein-dipperz.de\/index.php?rest_route=\/wp\/v2\/posts\/5273\/revisions"}],"predecessor-version":[{"id":5274,"href":"https:\/\/ev-kirche-bieberstein-dipperz.de\/index.php?rest_route=\/wp\/v2\/posts\/5273\/revisions\/5274"}],"wp:attachment":[{"href":"https:\/\/ev-kirche-bieberstein-dipperz.de\/index.php?rest_route=%2Fwp%2Fv2%2Fmedia&parent=5273"}],"wp:term":[{"taxonomy":"category","embeddable":true,"href":"https:\/\/ev-kirche-bieberstein-dipperz.de\/index.php?rest_route=%2Fwp%2Fv2%2Fcategories&post=5273"},{"taxonomy":"post_tag","embeddable":true,"href":"https:\/\/ev-kirche-bieberstein-dipperz.de\/index.php?rest_route=%2Fwp%2Fv2%2Ftags&post=5273"}],"curies":[{"name":"wp","href":"https:\/\/api.w.org\/{rel}","templated":true}]}}